{"id":457,"date":"2020-10-07T14:49:45","date_gmt":"2020-10-07T14:49:45","guid":{"rendered":"https:\/\/cinnk.com\/index.php\/2020\/10\/07\/interview-karim-embarek-organisateur-du-joomladay-alger-aout-2015\/"},"modified":"2020-10-07T14:49:45","modified_gmt":"2020-10-07T14:49:45","slug":"interview-karim-embarek-organisateur-du-joomladay-alger-aout-2015","status":"publish","type":"post","link":"https:\/\/cinnk.com\/fr\/interview-karim-embarek-organisateur-du-joomladay-alger-aout-2015\/","title":{"rendered":"Interview Karim Embarek organisateur du JoomlaDay Alger &#8211; Ao\u00fbt 2015"},"content":{"rendered":"<p>Karim Embarek est le directeur de l\u2019agence XMEDIA bas\u00e9e \u00e0 Alger. Il par- ticipe depuis plusieurs ann\u00e9es \u00e0 l\u2019organisation d\u2019\u00e9v\u00e8nements autour de Joomla!, il est \u00e9galement un des acteurs du JUG Algeria.<\/p>\n<p><!--more--><br \/>\nKarim Embarek est le directeur de l\u2019agence XMEDIA bas\u00e9e \u00e0 Alger. Il par- ticipe depuis plusieurs ann\u00e9es \u00e0 l\u2019organisation d\u2019\u00e9v\u00e8nements autour de Joomla!, il est \u00e9galement un des acteurs du JUG Algeria.<br \/>\nCinnk magazine : Bonjour Karim, peux-tu te pr\u00e9senter en quelques mots ?<br \/>\nKarim Embarek : Je m&rsquo;appelle Karim Embarek, je suis \u00e9lectronicien de formation. Apr\u00e8s avoir travaill\u00e9 plusieurs ann\u00e9es dans un engineering, je l&rsquo;ai quitt\u00e9 pour cr\u00e9er mon entreprise XMEDIA en 2001, sp\u00e9cialis\u00e9e dans la communication et l&rsquo;organisation d\u2019\u00e9v\u00e8nements. j\u2019ai connu Joomla! en 2007 gr\u00e2ce \u00e0 un d\u00e9veloppeur qui ne voulait pas me r\u00e9aliser un site web dynamique pour un client, parce qu\u2019il n\u2019avait pas le temps. Du coup, je lui ai demand\u00e9 avec quoi il travaillait, alors il m\u2019a dit Joomla!, je suis all\u00e9 sur Google et j\u2019ai tap\u00e9 Joomla!.<\/p>\n<p>Il m\u2019a dit Joomla!, je suis all\u00e9 sur Google et j\u2019ai tap\u00e9 Joomla!<\/p>\n<p>Depuis ce temps je suis devenu membre du forum joomla.fr, j\u2019ai commenc\u00e9 par poser des questions, apr\u00e8s \u00e0 y r\u00e9pondre, et ensuite j\u2019ai cr\u00e9\u00e9 mon propre forum pour l\u2019entraide entre joomlistes en Alg\u00e9rie.J\u2019ai organis\u00e9 le premier Joomladay en Alg\u00e9rie en 2011 au cyberparc de Sidi Abdellah, et depuis ce jour, nous organisons chaque ann\u00e9e un Joomladay pour r\u00e9unir la communaut\u00e9 Joomla en Alg\u00e9rie.<br \/>\nCM : Tu es un des principaux organisateurs de Algeria 2.0, du 15 au 19 septembre 2015, peux-tu nous pr\u00e9senter cet \u00e9v\u00e8nement ?<br \/>\nKE : Nous sommes actuellement en train de pr\u00e9parer cette quatri\u00e8me \u00e9dition.&nbsp;Cet \u00e9v\u00e8nement est consid\u00e9r\u00e9 comme le \u00ab Carrefour International des Professionnels des TIC et du WEB 2.0 \u00bb&nbsp;et s\u2019inscrit dans la strat\u00e9gie e-Alg\u00e9rie dont l\u2019objectif majeur est d\u2019assurer une mutation de notre soci\u00e9t\u00e9 vers un&nbsp;avenir num\u00e9rique.<br \/>\nEn effet, les technologies de l\u2019information et de la communication repr\u00e9sentent un puissant levier de d\u00e9veloppement \u00e9conomique et social et cr\u00e9ent des opportunit\u00e9s nouvelles de d\u00e9veloppement.Le recours et le renforcement de leur usage engendrent une transformation importante des modes d\u2019organisation et de travail, augmentent la performance et la comp\u00e9titivit\u00e9 des entreprises en leur offrant des opportunit\u00e9s par un march\u00e9 plus vaste et dynamique et favorisent l\u2019am\u00e9lioration des relations avec les clients&nbsp;et partenaires.<br \/>\nApr\u00e8s le succ\u00e8s des trois \u00e9ditions de 2012, 2013 et 2014 d\u2019ALGERIA 2.0, ANPT et XMEDIA &amp; EVENT&nbsp;organisateurs de l\u2019\u00e9v\u00e8nement, remettent ce challenge \u00e0 l\u2019ordre du jour avec un contenu plus riche \u00e0 travers des conf\u00e9rences, des formations, des concours et des espaces d\u2019\u00e9changes et d\u2019expositions. Cette \u00e9dition se veut&nbsp;\u00eatre une opportunit\u00e9 de mettre en relation les professionnels des TIC et du web de toute l\u2019Afrique avec les op\u00e9rateurs \u00e9conomiques avec une caract\u00e9ristique qui est d&rsquo;\u00eatre africaine.<br \/>\nEn effet, cette \u00e9dition sera d\u00e9di\u00e9e aux comp\u00e9tences africaines et aux couleurs africaines.Berceau de l&rsquo;humanit\u00e9, l&rsquo;Afrique sera dans un futur proche le berceau des TIC et du Web, avec cette \u00e9dition d&rsquo;Algeria 2.0 2015, qui rassemblera et r\u00e9unira des invit\u00e9s Africains de prestige, des experts nationaux et internationaux d\u2019Afrique et d&rsquo;autres continents, ainsi que des participants passionn\u00e9s et ambitieux, autour de&nbsp;sujets d\u2019actualit\u00e9, relevant des nouvelles technologies de l\u2019information et de la communication, afin de mettre&nbsp;en avant ma\u00eetrise et savoir-faire, b\u00e2tir des partenariats durables et cr\u00e9er des opportunit\u00e9s d\u2019investissement et&nbsp;de networking.<br \/>\n&nbsp;<br \/>\nCM : Au sein de cet \u00e9v\u00e8nement, tu organises un JoomlaDay, qu&rsquo;est-ce que vous proposez ?<br \/>\nKE : Lors des premiers joomladays, notre programme \u00e9tait tr\u00e8s orient\u00e9 technique, avec le format conf\u00e9rences et ateliers, mais aussi des concours, et nos invit\u00e9s venaient parler des extensions les plus utilis\u00e9es.Plus r\u00e9cemment, notre programme s\u2019est plus focalis\u00e9 sur la r\u00e9ussite professionnelle gr\u00e2ce \u00e0 Joomla!, car nous voulons montrer aux utilisateurs que Joomla! est un excellent outil pour d\u00e9marrer son entreprise ou sa startup, et avec lequel on peut gagner sa vie.Dans cette optique, nous invitons des personnalit\u00e9s qui ont perc\u00e9 gr\u00e2ce \u00e0 un composant Joomla! qu\u2019ils ont d\u00e9velopp\u00e9 ou en utilisant Joomla! pour la r\u00e9alisation de sites web pour leurs clients.Cette ann\u00e9e nous avons centr\u00e9 notre programme sur l\u2019Afrique, beaucoup d\u2019intervenants du continent vont venir partager leurs exp\u00e9riences avec Joomla!.<br \/>\nCM : En quelques mots, le JUG Alg\u00e9rie, c&rsquo;est quoi ?<br \/>\nKE : Le JugAlgeria a \u00e9tait cr\u00e9\u00e9 en 2011, et a pris son envol en 2012 avec le lancement du 2\u00e8me Joomladay \u00e0 Alger et du 3\u00e8me \u00e0 Oran, et ceci dans la m\u00eame ann\u00e9e avec comme principal int\u00e9r\u00eat de vulgariser Joomla! en Alg\u00e9rie, de r\u00e9unir la communaut\u00e9 et de l\u2019organiser.<br \/>\nNous sommes 15 principaux adh\u00e9rents et de nombreux volontaires, et nous nous r\u00e9unissons plusieurs fois par an lors de diverses occasions notamment pour le JoomKahwa, un \u00e9quivalent du Joomlapero, afin de donner des visages et des voix aux personnes qu\u2019on connait depuis plusieurs mois, voire plusieurs ann\u00e9es sans pour autant avoir eu l\u2019occasion de se rencontrer physiquement.<br \/>\nNous avons pu lancer le forum d&rsquo;entraide Joomla! du jugalgeria, un groupe fort de plus de 1900 membres aujourd&rsquo;hui, et une page Facebook avec autant de membres.Nous oeuvrons pour le partage de connaissances et la vulgarisation de Joomla!, non sur l\u2019Alg\u00e9rie uniquement, mais aussi \u00e0 travers le monde, en partageant sur les r\u00e9seaux sociaux toutes les annonces d\u2019OSM et joomla.org.<\/p>\n<p>Si vous souhaitez \u00eatre au courant de l&rsquo;actualit\u00e9 du JUGAlgeria, vous pouvez consulter le site du JUG, ainsi que la page Facebook.<br \/>\n  Read More<\/p>\n","protected":false},"excerpt":{"rendered":"<p>Karim Embarek est le directeur de l\u2019agence XMEDIA bas\u00e9e \u00e0 Alger. Il par- ticipe depuis plusieurs ann\u00e9es \u00e0 l\u2019organisation d\u2019\u00e9v\u00e8nements autour de Joomla!, il est \u00e9galement un des acteurs du JUG Algeria.<\/p>\n","protected":false},"author":1,"featured_media":0,"comment_status":"open","ping_status":"open","sticky":false,"template":"","format":"standard","meta":{"inline_featured_image":false,"footnotes":""},"categories":[13],"tags":[],"class_list":["post-457","post","type-post","status-publish","format-standard","hentry","category-archives"],"yoast_head":"<!-- This site is optimized with the Yoast SEO plugin v26.5 - https:\/\/yoast.com\/wordpress\/plugins\/seo\/ -->\n<title>Interview Karim Embarek organisateur du JoomlaDay Alger - Ao\u00fbt 2015 | Cinnk<\/title>\n<meta name=\"robots\" content=\"index, follow, max-snippet:-1, max-image-preview:large, max-video-preview:-1\" \/>\n<link rel=\"canonical\" href=\"https:\/\/cinnk.com\/fr\/interview-karim-embarek-organisateur-du-joomladay-alger-aout-2015\/\" \/>\n<meta property=\"og:locale\" content=\"fr_FR\" \/>\n<meta property=\"og:type\" content=\"article\" \/>\n<meta property=\"og:title\" content=\"Interview Karim Embarek organisateur du JoomlaDay Alger - Ao\u00fbt 2015 | Cinnk\" \/>\n<meta property=\"og:description\" content=\"Karim Embarek est le directeur de l\u2019agence XMEDIA bas\u00e9e \u00e0 Alger. Il par- ticipe depuis plusieurs ann\u00e9es \u00e0 l\u2019organisation d\u2019\u00e9v\u00e8nements autour de Joomla!, il est \u00e9galement un des acteurs du JUG Algeria.\" \/>\n<meta property=\"og:url\" content=\"https:\/\/cinnk.com\/fr\/interview-karim-embarek-organisateur-du-joomladay-alger-aout-2015\/\" \/>\n<meta property=\"og:site_name\" content=\"Cinnk\" \/>\n<meta property=\"article:publisher\" content=\"https:\/\/www.facebook.com\/Cinnk.formation\" \/>\n<meta property=\"article:published_time\" content=\"2020-10-07T14:49:45+00:00\" \/>\n<meta property=\"og:image\" content=\"https:\/\/cinnk.com\/wp-content\/uploads\/2024\/10\/Logo-font.jpg\" \/>\n\t<meta property=\"og:image:width\" content=\"500\" \/>\n\t<meta property=\"og:image:height\" content=\"500\" \/>\n\t<meta property=\"og:image:type\" content=\"image\/jpeg\" \/>\n<meta name=\"author\" content=\"Cinnk\" \/>\n<meta name=\"twitter:card\" content=\"summary_large_image\" \/>\n<meta name=\"twitter:creator\" content=\"@CinnkCom\" \/>\n<meta name=\"twitter:site\" content=\"@CinnkCom\" \/>\n<meta name=\"twitter:label1\" content=\"\u00c9crit par\" \/>\n\t<meta name=\"twitter:data1\" content=\"Cinnk\" \/>\n\t<meta name=\"twitter:label2\" content=\"Dur\u00e9e de lecture estim\u00e9e\" \/>\n\t<meta name=\"twitter:data2\" content=\"5 minutes\" \/>\n<script type=\"application\/ld+json\" class=\"yoast-schema-graph\">{\"@context\":\"https:\/\/schema.org\",\"@graph\":[{\"@type\":\"Article\",\"@id\":\"https:\/\/cinnk.com\/fr\/interview-karim-embarek-organisateur-du-joomladay-alger-aout-2015\/#article\",\"isPartOf\":{\"@id\":\"https:\/\/cinnk.com\/fr\/interview-karim-embarek-organisateur-du-joomladay-alger-aout-2015\/\"},\"author\":{\"name\":\"Cinnk\",\"@id\":\"https:\/\/cinnk.com\/fr\/#\/schema\/person\/eacaed860bb77e88b654cab0718cdc3d\"},\"headline\":\"Interview Karim Embarek organisateur du JoomlaDay Alger &#8211; Ao\u00fbt 2015\",\"datePublished\":\"2020-10-07T14:49:45+00:00\",\"mainEntityOfPage\":{\"@id\":\"https:\/\/cinnk.com\/fr\/interview-karim-embarek-organisateur-du-joomladay-alger-aout-2015\/\"},\"wordCount\":1023,\"commentCount\":0,\"publisher\":{\"@id\":\"https:\/\/cinnk.com\/fr\/#organization\"},\"articleSection\":[\"Archives\"],\"inLanguage\":\"fr-FR\"},{\"@type\":\"WebPage\",\"@id\":\"https:\/\/cinnk.com\/fr\/interview-karim-embarek-organisateur-du-joomladay-alger-aout-2015\/\",\"url\":\"https:\/\/cinnk.com\/fr\/interview-karim-embarek-organisateur-du-joomladay-alger-aout-2015\/\",\"name\":\"Interview Karim Embarek organisateur du JoomlaDay Alger - Ao\u00fbt 2015 | Cinnk\",\"isPartOf\":{\"@id\":\"https:\/\/cinnk.com\/fr\/#website\"},\"datePublished\":\"2020-10-07T14:49:45+00:00\",\"breadcrumb\":{\"@id\":\"https:\/\/cinnk.com\/fr\/interview-karim-embarek-organisateur-du-joomladay-alger-aout-2015\/#breadcrumb\"},\"inLanguage\":\"fr-FR\",\"potentialAction\":[{\"@type\":\"ReadAction\",\"target\":[\"https:\/\/cinnk.com\/fr\/interview-karim-embarek-organisateur-du-joomladay-alger-aout-2015\/\"]}]},{\"@type\":\"BreadcrumbList\",\"@id\":\"https:\/\/cinnk.com\/fr\/interview-karim-embarek-organisateur-du-joomladay-alger-aout-2015\/#breadcrumb\",\"itemListElement\":[{\"@type\":\"ListItem\",\"position\":1,\"name\":\"Accueil\",\"item\":\"https:\/\/cinnk.com\/fr\/\"},{\"@type\":\"ListItem\",\"position\":2,\"name\":\"Interview Karim Embarek organisateur du JoomlaDay Alger &#8211; Ao\u00fbt 2015\"}]},{\"@type\":\"WebSite\",\"@id\":\"https:\/\/cinnk.com\/fr\/#website\",\"url\":\"https:\/\/cinnk.com\/fr\/\",\"name\":\"Cinnk\",\"description\":\"\",\"publisher\":{\"@id\":\"https:\/\/cinnk.com\/fr\/#organization\"},\"potentialAction\":[{\"@type\":\"SearchAction\",\"target\":{\"@type\":\"EntryPoint\",\"urlTemplate\":\"https:\/\/cinnk.com\/fr\/?s={search_term_string}\"},\"query-input\":{\"@type\":\"PropertyValueSpecification\",\"valueRequired\":true,\"valueName\":\"search_term_string\"}}],\"inLanguage\":\"fr-FR\"},{\"@type\":\"Organization\",\"@id\":\"https:\/\/cinnk.com\/fr\/#organization\",\"name\":\"Cinnk\",\"url\":\"https:\/\/cinnk.com\/fr\/\",\"logo\":{\"@type\":\"ImageObject\",\"inLanguage\":\"fr-FR\",\"@id\":\"https:\/\/cinnk.com\/fr\/#\/schema\/logo\/image\/\",\"url\":\"https:\/\/cinnk.com\/wp-content\/uploads\/2023\/10\/logo-svg-orange_new.svg\",\"contentUrl\":\"https:\/\/cinnk.com\/wp-content\/uploads\/2023\/10\/logo-svg-orange_new.svg\",\"width\":125,\"height\":32,\"caption\":\"Cinnk\"},\"image\":{\"@id\":\"https:\/\/cinnk.com\/fr\/#\/schema\/logo\/image\/\"},\"sameAs\":[\"https:\/\/www.facebook.com\/Cinnk.formation\",\"https:\/\/x.com\/CinnkCom\",\"https:\/\/www.instagram.com\/cinnk\"]},{\"@type\":\"Person\",\"@id\":\"https:\/\/cinnk.com\/fr\/#\/schema\/person\/eacaed860bb77e88b654cab0718cdc3d\",\"name\":\"Cinnk\",\"image\":{\"@type\":\"ImageObject\",\"inLanguage\":\"fr-FR\",\"@id\":\"https:\/\/cinnk.com\/fr\/#\/schema\/person\/image\/\",\"url\":\"https:\/\/secure.gravatar.com\/avatar\/2110805a2e278c633c677ec50fd5a9944d8f66b4fac05f86ebb21a2f87be8e0b?s=96&d=mm&r=g\",\"contentUrl\":\"https:\/\/secure.gravatar.com\/avatar\/2110805a2e278c633c677ec50fd5a9944d8f66b4fac05f86ebb21a2f87be8e0b?s=96&d=mm&r=g\",\"caption\":\"Cinnk\"},\"sameAs\":[\"https:\/\/cinnk.com\"],\"url\":\"https:\/\/cinnk.com\/fr\/author\/cinnkdev\/\"}]}<\/script>\n<!-- \/ Yoast SEO plugin. -->","yoast_head_json":{"title":"Interview Karim Embarek organisateur du JoomlaDay Alger - Ao\u00fbt 2015 | Cinnk","robots":{"index":"index","follow":"follow","max-snippet":"max-snippet:-1","max-image-preview":"max-image-preview:large","max-video-preview":"max-video-preview:-1"},"canonical":"https:\/\/cinnk.com\/fr\/interview-karim-embarek-organisateur-du-joomladay-alger-aout-2015\/","og_locale":"fr_FR","og_type":"article","og_title":"Interview Karim Embarek organisateur du JoomlaDay Alger - Ao\u00fbt 2015 | Cinnk","og_description":"Karim Embarek est le directeur de l\u2019agence XMEDIA bas\u00e9e \u00e0 Alger. Il par- ticipe depuis plusieurs ann\u00e9es \u00e0 l\u2019organisation d\u2019\u00e9v\u00e8nements autour de Joomla!, il est \u00e9galement un des acteurs du JUG Algeria.","og_url":"https:\/\/cinnk.com\/fr\/interview-karim-embarek-organisateur-du-joomladay-alger-aout-2015\/","og_site_name":"Cinnk","article_publisher":"https:\/\/www.facebook.com\/Cinnk.formation","article_published_time":"2020-10-07T14:49:45+00:00","og_image":[{"width":500,"height":500,"url":"https:\/\/cinnk.com\/wp-content\/uploads\/2024\/10\/Logo-font.jpg","type":"image\/jpeg"}],"author":"Cinnk","twitter_card":"summary_large_image","twitter_creator":"@CinnkCom","twitter_site":"@CinnkCom","twitter_misc":{"\u00c9crit par":"Cinnk","Dur\u00e9e de lecture estim\u00e9e":"5 minutes"},"schema":{"@context":"https:\/\/schema.org","@graph":[{"@type":"Article","@id":"https:\/\/cinnk.com\/fr\/interview-karim-embarek-organisateur-du-joomladay-alger-aout-2015\/#article","isPartOf":{"@id":"https:\/\/cinnk.com\/fr\/interview-karim-embarek-organisateur-du-joomladay-alger-aout-2015\/"},"author":{"name":"Cinnk","@id":"https:\/\/cinnk.com\/fr\/#\/schema\/person\/eacaed860bb77e88b654cab0718cdc3d"},"headline":"Interview Karim Embarek organisateur du JoomlaDay Alger &#8211; Ao\u00fbt 2015","datePublished":"2020-10-07T14:49:45+00:00","mainEntityOfPage":{"@id":"https:\/\/cinnk.com\/fr\/interview-karim-embarek-organisateur-du-joomladay-alger-aout-2015\/"},"wordCount":1023,"commentCount":0,"publisher":{"@id":"https:\/\/cinnk.com\/fr\/#organization"},"articleSection":["Archives"],"inLanguage":"fr-FR"},{"@type":"WebPage","@id":"https:\/\/cinnk.com\/fr\/interview-karim-embarek-organisateur-du-joomladay-alger-aout-2015\/","url":"https:\/\/cinnk.com\/fr\/interview-karim-embarek-organisateur-du-joomladay-alger-aout-2015\/","name":"Interview Karim Embarek organisateur du JoomlaDay Alger - Ao\u00fbt 2015 | Cinnk","isPartOf":{"@id":"https:\/\/cinnk.com\/fr\/#website"},"datePublished":"2020-10-07T14:49:45+00:00","breadcrumb":{"@id":"https:\/\/cinnk.com\/fr\/interview-karim-embarek-organisateur-du-joomladay-alger-aout-2015\/#breadcrumb"},"inLanguage":"fr-FR","potentialAction":[{"@type":"ReadAction","target":["https:\/\/cinnk.com\/fr\/interview-karim-embarek-organisateur-du-joomladay-alger-aout-2015\/"]}]},{"@type":"BreadcrumbList","@id":"https:\/\/cinnk.com\/fr\/interview-karim-embarek-organisateur-du-joomladay-alger-aout-2015\/#breadcrumb","itemListElement":[{"@type":"ListItem","position":1,"name":"Accueil","item":"https:\/\/cinnk.com\/fr\/"},{"@type":"ListItem","position":2,"name":"Interview Karim Embarek organisateur du JoomlaDay Alger &#8211; Ao\u00fbt 2015"}]},{"@type":"WebSite","@id":"https:\/\/cinnk.com\/fr\/#website","url":"https:\/\/cinnk.com\/fr\/","name":"Cinnk","description":"","publisher":{"@id":"https:\/\/cinnk.com\/fr\/#organization"},"potentialAction":[{"@type":"SearchAction","target":{"@type":"EntryPoint","urlTemplate":"https:\/\/cinnk.com\/fr\/?s={search_term_string}"},"query-input":{"@type":"PropertyValueSpecification","valueRequired":true,"valueName":"search_term_string"}}],"inLanguage":"fr-FR"},{"@type":"Organization","@id":"https:\/\/cinnk.com\/fr\/#organization","name":"Cinnk","url":"https:\/\/cinnk.com\/fr\/","logo":{"@type":"ImageObject","inLanguage":"fr-FR","@id":"https:\/\/cinnk.com\/fr\/#\/schema\/logo\/image\/","url":"https:\/\/cinnk.com\/wp-content\/uploads\/2023\/10\/logo-svg-orange_new.svg","contentUrl":"https:\/\/cinnk.com\/wp-content\/uploads\/2023\/10\/logo-svg-orange_new.svg","width":125,"height":32,"caption":"Cinnk"},"image":{"@id":"https:\/\/cinnk.com\/fr\/#\/schema\/logo\/image\/"},"sameAs":["https:\/\/www.facebook.com\/Cinnk.formation","https:\/\/x.com\/CinnkCom","https:\/\/www.instagram.com\/cinnk"]},{"@type":"Person","@id":"https:\/\/cinnk.com\/fr\/#\/schema\/person\/eacaed860bb77e88b654cab0718cdc3d","name":"Cinnk","image":{"@type":"ImageObject","inLanguage":"fr-FR","@id":"https:\/\/cinnk.com\/fr\/#\/schema\/person\/image\/","url":"https:\/\/secure.gravatar.com\/avatar\/2110805a2e278c633c677ec50fd5a9944d8f66b4fac05f86ebb21a2f87be8e0b?s=96&d=mm&r=g","contentUrl":"https:\/\/secure.gravatar.com\/avatar\/2110805a2e278c633c677ec50fd5a9944d8f66b4fac05f86ebb21a2f87be8e0b?s=96&d=mm&r=g","caption":"Cinnk"},"sameAs":["https:\/\/cinnk.com"],"url":"https:\/\/cinnk.com\/fr\/author\/cinnkdev\/"}]}},"_links":{"self":[{"href":"https:\/\/cinnk.com\/fr\/wp-json\/wp\/v2\/posts\/457","targetHints":{"allow":["GET"]}}],"collection":[{"href":"https:\/\/cinnk.com\/fr\/wp-json\/wp\/v2\/posts"}],"about":[{"href":"https:\/\/cinnk.com\/fr\/wp-json\/wp\/v2\/types\/post"}],"author":[{"embeddable":true,"href":"https:\/\/cinnk.com\/fr\/wp-json\/wp\/v2\/users\/1"}],"replies":[{"embeddable":true,"href":"https:\/\/cinnk.com\/fr\/wp-json\/wp\/v2\/comments?post=457"}],"version-history":[{"count":0,"href":"https:\/\/cinnk.com\/fr\/wp-json\/wp\/v2\/posts\/457\/revisions"}],"wp:attachment":[{"href":"https:\/\/cinnk.com\/fr\/wp-json\/wp\/v2\/media?parent=457"}],"wp:term":[{"taxonomy":"category","embeddable":true,"href":"https:\/\/cinnk.com\/fr\/wp-json\/wp\/v2\/categories?post=457"},{"taxonomy":"post_tag","embeddable":true,"href":"https:\/\/cinnk.com\/fr\/wp-json\/wp\/v2\/tags?post=457"}],"curies":[{"name":"wp","href":"https:\/\/api.w.org\/{rel}","templated":true}]}}